{"id":1089,"date":"2026-04-01T12:00:00","date_gmt":"2026-04-01T12:00:00","guid":{"rendered":"https:\/\/www.uwieziony.com\/post\/\u015broda-1-kwietnia-2026"},"modified":"2026-04-01T12:00:00","modified_gmt":"2026-04-01T12:00:00","slug":"sroda-1-kwietnia-2026","status":"publish","type":"post","link":"https:\/\/uwieziony.com\/index.php\/2026\/04\/01\/sroda-1-kwietnia-2026\/","title":{"rendered":"\u015aroda, 1 kwietnia 2026"},"content":{"rendered":"<p>Do po\u0142udniaWikipedia:&#8221;Prima aprilis (z \u0142ac. prima (dies) Aprilis \u2013 dos\u0142. \u201epierwszy (dzie\u0144) kwietnia\u201d), dzie\u0144 \u017cart\u00f3w \u2013 obyczaj obchodzony pierwszego dnia kwietnia w wielu krajach na ca\u0142ym \u015bwiecie. Polega on na robieniu \u017cart\u00f3w, celowym wprowadzaniu w b\u0142\u0105d, nabierania kogo\u015b, konkurowaniu w pr\u00f3bach sprawienia, by inni uwierzyli w co\u015b nieprawdziwego. Tego dnia w wielu mediach pojawiaj\u0105 si\u0119 r\u00f3\u017cne \u017cartobliwe informacje. Pochodzenie tego zwyczaju nie jest dok\u0142adnie wyja\u015bnione.&#8221;Mnie do \u017cart\u00f3w raczej nie jest.. Chor\u00f3bsko odpuszcza ale powoli. Dobrze \u017ce odwo\u0142a\u0142em zaj\u0119cia bo dzi\u015b na schody nie mia\u0142bym si\u0142y. Jest ju\u017c jednak na tyle dobrze, \u017cebym porobi\u0142 co\u015b sam. Wczoraj by\u0142a Pani Magdalena &#8211; chodzenie odpu\u015bcili\u015bmy. Dobrze, \u017ce tylko (i a\u017c) nos zapchany. Mo\u017ce na tym si\u0119 sko\u0144czy..Wczoraj wieczorem uci\u0105\u0142em sobie ma\u0142\u0105 &#8222;pogawendk\u0119&#8221; z Markiem Jarosem &#8211; tym od &#8222;inteligencji emocjonalnej&#8221; , kt\u00f3rego artyku\u0142 mam na blogu.. U\u015bwiadomi\u0142em sobie jedn\u0105 rzecz. Od dawna nie traktuj\u0119 stanu poudarowego jak choroby, stanu przej\u015bciowego.. Zacz\u0105\u0142em to traktowa\u0107 jak etap w \u017cyciu, do\u015bwiadczenie. Co\u015b w czym (niestety) musz\u0119 funkcjonowa\u0107 i w miar\u0119 mo\u017cliwo\u015bci robi\u0107 swoje.. \u017beby nie sp\u0119dzi\u0107 reszty \u017cycia (bo tak naprawd\u0119 nie wiem ile go zosta\u0142o) w &#8222;poczekalni&#8221;. Bo c\u00f3\u017c to znaczy, \u017ce b\u0119dzie &#8222;normalnie&#8221;? Jak zaczn\u0119 chodzi\u0107? U\u017cywa\u0107 lewej r\u0119ki? M\u00f3wi\u0107 ? Gra\u0107 na gitarze? Mog\u0119 tak wiecznie czeka\u0107 &#8222;a\u017c&#8221; i wtedy b\u0119dzie normalnie? Nie.. Ten w\u00f3zek, to moje wystawanie przed oknem, kompozycje, Lena &#8211; to moje \u017cycie. Nie wygl\u0105da teraz mo\u017ce zbyt dobrze ale rozwija si\u0119. Jasne &#8211; nie poprzestaj\u0119 na tym co jest, bo chce wi\u0119cej &#8211; nie zadowala mnie ten stan.. To jednak nie grypa, nie przezi\u0119bienie &#8211; nie przejdzie w tydzie\u0144. Robi\u0107 swoje i nie uzale\u017cnia\u0107 swojego szcz\u0119\u015bcia, komfortu od czego\u015b, co ma dopiero teoretycznie nadej\u015b\u0107..<\/p>\n","protected":false},"excerpt":{"rendered":"<p>Do po\u0142udniaWikipedia:&#8221;Prima aprilis (z \u0142ac. prima (dies) Aprilis \u2013 dos\u0142. \u201epierwszy (dzie\u0144) kwietnia\u201d), dzie\u0144 \u017cart\u00f3w \u2013 obyczaj obchodzony pierwszego dnia kwietnia w wielu krajach na ca\u0142ym \u015bwiecie. Polega on na robieniu \u017cart\u00f3w, celowym wprowadzaniu w b\u0142\u0105d, nabierania kogo\u015b, konkurowaniu w pr\u00f3bach sprawienia, by inni uwierzyli w co\u015b nieprawdziwego. Tego dnia w wielu mediach pojawiaj\u0105 si\u0119 [&hellip;]<\/p>\n","protected":false},"author":2,"featured_media":0,"comment_status":"closed","ping_status":"closed","sticky":false,"template":"","format":"standard","meta":{"footnotes":""},"categories":[2],"tags":[],"class_list":["post-1089","post","type-post","status-publish","format-standard","hentry","category-dziennik"],"yoast_head":"<!-- This site is optimized with the Yoast SEO plugin v28.3 - https:\/\/yoast.com\/product\/yoast-seo-wordpress\/ -->\n<title>\u015aroda, 1 kwietnia 2026 - Uwi\u0119ziony<\/title>\n<meta name=\"robots\" content=\"index, follow, max-snippet:-1, max-image-preview:large, max-video-preview:-1\" \/>\n<link rel=\"canonical\" href=\"https:\/\/uwieziony.com\/index.php\/2026\/04\/01\/sroda-1-kwietnia-2026\/\" \/>\n<meta property=\"og:locale\" content=\"pl_PL\" \/>\n<meta property=\"og:type\" content=\"article\" \/>\n<meta property=\"og:title\" content=\"\u015aroda, 1 kwietnia 2026 - Uwi\u0119ziony\" \/>\n<meta property=\"og:description\" content=\"Do po\u0142udniaWikipedia:&#8221;Prima aprilis (z \u0142ac. prima (dies) Aprilis \u2013 dos\u0142. \u201epierwszy (dzie\u0144) kwietnia\u201d), dzie\u0144 \u017cart\u00f3w \u2013 obyczaj obchodzony pierwszego dnia kwietnia w wielu krajach na ca\u0142ym \u015bwiecie. Polega on na robieniu \u017cart\u00f3w, celowym wprowadzaniu w b\u0142\u0105d, nabierania kogo\u015b, konkurowaniu w pr\u00f3bach sprawienia, by inni uwierzyli w co\u015b nieprawdziwego. Tego dnia w wielu mediach pojawiaj\u0105 si\u0119 [&hellip;]\" \/>\n<meta property=\"og:url\" content=\"https:\/\/uwieziony.com\/index.php\/2026\/04\/01\/sroda-1-kwietnia-2026\/\" \/>\n<meta property=\"og:site_name\" content=\"Uwi\u0119ziony\" \/>\n<meta property=\"article:author\" content=\"https:\/\/www.facebook.com\/Nikimusic.S.A\" \/>\n<meta property=\"article:published_time\" content=\"2026-04-01T12:00:00+00:00\" \/>\n<meta name=\"author\" content=\"Sebastian\" \/>\n<meta name=\"twitter:card\" content=\"summary_large_image\" \/>\n<meta name=\"twitter:label1\" content=\"Napisane przez\" \/>\n\t<meta name=\"twitter:data1\" content=\"Sebastian\" \/>\n\t<meta name=\"twitter:label2\" content=\"Szacowany czas czytania\" \/>\n\t<meta name=\"twitter:data2\" content=\"2 minuty\" \/>\n<script type=\"application\/ld+json\" class=\"yoast-schema-graph\">{\"@context\":\"https:\\\/\\\/schema.org\",\"@graph\":[{\"@type\":\"Article\",\"@id\":\"https:\\\/\\\/uwieziony.com\\\/index.php\\\/2026\\\/04\\\/01\\\/sroda-1-kwietnia-2026\\\/#article\",\"isPartOf\":{\"@id\":\"https:\\\/\\\/uwieziony.com\\\/index.php\\\/2026\\\/04\\\/01\\\/sroda-1-kwietnia-2026\\\/\"},\"author\":{\"name\":\"Sebastian\",\"@id\":\"https:\\\/\\\/uwieziony.com\\\/#\\\/schema\\\/person\\\/13ea7cefeb187274074564ddf871fe48\"},\"headline\":\"\u015aroda, 1 kwietnia 2026\",\"datePublished\":\"2026-04-01T12:00:00+00:00\",\"mainEntityOfPage\":{\"@id\":\"https:\\\/\\\/uwieziony.com\\\/index.php\\\/2026\\\/04\\\/01\\\/sroda-1-kwietnia-2026\\\/\"},\"wordCount\":320,\"articleSection\":[\"Dziennik\"],\"inLanguage\":\"pl-PL\"},{\"@type\":\"WebPage\",\"@id\":\"https:\\\/\\\/uwieziony.com\\\/index.php\\\/2026\\\/04\\\/01\\\/sroda-1-kwietnia-2026\\\/\",\"url\":\"https:\\\/\\\/uwieziony.com\\\/index.php\\\/2026\\\/04\\\/01\\\/sroda-1-kwietnia-2026\\\/\",\"name\":\"\u015aroda, 1 kwietnia 2026 - Uwi\u0119ziony\",\"isPartOf\":{\"@id\":\"https:\\\/\\\/uwieziony.com\\\/#website\"},\"datePublished\":\"2026-04-01T12:00:00+00:00\",\"author\":{\"@id\":\"https:\\\/\\\/uwieziony.com\\\/#\\\/schema\\\/person\\\/13ea7cefeb187274074564ddf871fe48\"},\"breadcrumb\":{\"@id\":\"https:\\\/\\\/uwieziony.com\\\/index.php\\\/2026\\\/04\\\/01\\\/sroda-1-kwietnia-2026\\\/#breadcrumb\"},\"inLanguage\":\"pl-PL\",\"potentialAction\":[{\"@type\":\"ReadAction\",\"target\":[\"https:\\\/\\\/uwieziony.com\\\/index.php\\\/2026\\\/04\\\/01\\\/sroda-1-kwietnia-2026\\\/\"]}]},{\"@type\":\"BreadcrumbList\",\"@id\":\"https:\\\/\\\/uwieziony.com\\\/index.php\\\/2026\\\/04\\\/01\\\/sroda-1-kwietnia-2026\\\/#breadcrumb\",\"itemListElement\":[{\"@type\":\"ListItem\",\"position\":1,\"name\":\"Strona g\u0142\u00f3wna\",\"item\":\"https:\\\/\\\/uwieziony.com\\\/\"},{\"@type\":\"ListItem\",\"position\":2,\"name\":\"\u015aroda, 1 kwietnia 2026\"}]},{\"@type\":\"WebSite\",\"@id\":\"https:\\\/\\\/uwieziony.com\\\/#website\",\"url\":\"https:\\\/\\\/uwieziony.com\\\/\",\"name\":\"Uwi\u0119ziony\",\"description\":\"\",\"potentialAction\":[{\"@type\":\"SearchAction\",\"target\":{\"@type\":\"EntryPoint\",\"urlTemplate\":\"https:\\\/\\\/uwieziony.com\\\/?s={search_term_string}\"},\"query-input\":{\"@type\":\"PropertyValueSpecification\",\"valueRequired\":true,\"valueName\":\"search_term_string\"}}],\"inLanguage\":\"pl-PL\"},{\"@type\":\"Person\",\"@id\":\"https:\\\/\\\/uwieziony.com\\\/#\\\/schema\\\/person\\\/13ea7cefeb187274074564ddf871fe48\",\"name\":\"Sebastian\",\"image\":{\"@type\":\"ImageObject\",\"inLanguage\":\"pl-PL\",\"@id\":\"https:\\\/\\\/secure.gravatar.com\\\/avatar\\\/75901bc05eeb742915f501fd0d7d044fc75399bff1a747fec571f0780b564d74?s=96&d=mm&r=g\",\"url\":\"https:\\\/\\\/secure.gravatar.com\\\/avatar\\\/75901bc05eeb742915f501fd0d7d044fc75399bff1a747fec571f0780b564d74?s=96&d=mm&r=g\",\"contentUrl\":\"https:\\\/\\\/secure.gravatar.com\\\/avatar\\\/75901bc05eeb742915f501fd0d7d044fc75399bff1a747fec571f0780b564d74?s=96&d=mm&r=g\",\"caption\":\"Sebastian\"},\"description\":\"Muzyk, kompozytor, gitarzysta, nauczyciel. Po udarze niedokrwiennym pnia m\u00f3zgu w 2024 roku. Parali\u017c ca\u0142kowity, obustronny. Diagnoza - je\u015bli prze\u017cyj\u0119 - b\u0119d\u0119 tylko mruga\u0142.. Obecnie (2026r) jeszcze je\u017cd\u017c\u0119 na w\u00f3zku i nie m\u00f3wi\u0119 ale ju\u017c nied\u0142ugo\",\"sameAs\":[\"https:\\\/\\\/uwieziony.com\",\"https:\\\/\\\/www.facebook.com\\\/Nikimusic.S.A\",\"https:\\\/\\\/www.youtube.com\\\/@sebastianadamczewski7155\"],\"url\":\"https:\\\/\\\/uwieziony.com\\\/index.php\\\/author\\\/sebastian\\\/\"}]}<\/script>\n<!-- \/ Yoast SEO plugin. -->","yoast_head_json":{"title":"\u015aroda, 1 kwietnia 2026 - Uwi\u0119ziony","robots":{"index":"index","follow":"follow","max-snippet":"max-snippet:-1","max-image-preview":"max-image-preview:large","max-video-preview":"max-video-preview:-1"},"canonical":"https:\/\/uwieziony.com\/index.php\/2026\/04\/01\/sroda-1-kwietnia-2026\/","og_locale":"pl_PL","og_type":"article","og_title":"\u015aroda, 1 kwietnia 2026 - Uwi\u0119ziony","og_description":"Do po\u0142udniaWikipedia:&#8221;Prima aprilis (z \u0142ac. prima (dies) Aprilis \u2013 dos\u0142. \u201epierwszy (dzie\u0144) kwietnia\u201d), dzie\u0144 \u017cart\u00f3w \u2013 obyczaj obchodzony pierwszego dnia kwietnia w wielu krajach na ca\u0142ym \u015bwiecie. Polega on na robieniu \u017cart\u00f3w, celowym wprowadzaniu w b\u0142\u0105d, nabierania kogo\u015b, konkurowaniu w pr\u00f3bach sprawienia, by inni uwierzyli w co\u015b nieprawdziwego. Tego dnia w wielu mediach pojawiaj\u0105 si\u0119 [&hellip;]","og_url":"https:\/\/uwieziony.com\/index.php\/2026\/04\/01\/sroda-1-kwietnia-2026\/","og_site_name":"Uwi\u0119ziony","article_author":"https:\/\/www.facebook.com\/Nikimusic.S.A","article_published_time":"2026-04-01T12:00:00+00:00","author":"Sebastian","twitter_card":"summary_large_image","twitter_misc":{"Napisane przez":"Sebastian","Szacowany czas czytania":"2 minuty"},"schema":{"@context":"https:\/\/schema.org","@graph":[{"@type":"Article","@id":"https:\/\/uwieziony.com\/index.php\/2026\/04\/01\/sroda-1-kwietnia-2026\/#article","isPartOf":{"@id":"https:\/\/uwieziony.com\/index.php\/2026\/04\/01\/sroda-1-kwietnia-2026\/"},"author":{"name":"Sebastian","@id":"https:\/\/uwieziony.com\/#\/schema\/person\/13ea7cefeb187274074564ddf871fe48"},"headline":"\u015aroda, 1 kwietnia 2026","datePublished":"2026-04-01T12:00:00+00:00","mainEntityOfPage":{"@id":"https:\/\/uwieziony.com\/index.php\/2026\/04\/01\/sroda-1-kwietnia-2026\/"},"wordCount":320,"articleSection":["Dziennik"],"inLanguage":"pl-PL"},{"@type":"WebPage","@id":"https:\/\/uwieziony.com\/index.php\/2026\/04\/01\/sroda-1-kwietnia-2026\/","url":"https:\/\/uwieziony.com\/index.php\/2026\/04\/01\/sroda-1-kwietnia-2026\/","name":"\u015aroda, 1 kwietnia 2026 - Uwi\u0119ziony","isPartOf":{"@id":"https:\/\/uwieziony.com\/#website"},"datePublished":"2026-04-01T12:00:00+00:00","author":{"@id":"https:\/\/uwieziony.com\/#\/schema\/person\/13ea7cefeb187274074564ddf871fe48"},"breadcrumb":{"@id":"https:\/\/uwieziony.com\/index.php\/2026\/04\/01\/sroda-1-kwietnia-2026\/#breadcrumb"},"inLanguage":"pl-PL","potentialAction":[{"@type":"ReadAction","target":["https:\/\/uwieziony.com\/index.php\/2026\/04\/01\/sroda-1-kwietnia-2026\/"]}]},{"@type":"BreadcrumbList","@id":"https:\/\/uwieziony.com\/index.php\/2026\/04\/01\/sroda-1-kwietnia-2026\/#breadcrumb","itemListElement":[{"@type":"ListItem","position":1,"name":"Strona g\u0142\u00f3wna","item":"https:\/\/uwieziony.com\/"},{"@type":"ListItem","position":2,"name":"\u015aroda, 1 kwietnia 2026"}]},{"@type":"WebSite","@id":"https:\/\/uwieziony.com\/#website","url":"https:\/\/uwieziony.com\/","name":"Uwi\u0119ziony","description":"","potentialAction":[{"@type":"SearchAction","target":{"@type":"EntryPoint","urlTemplate":"https:\/\/uwieziony.com\/?s={search_term_string}"},"query-input":{"@type":"PropertyValueSpecification","valueRequired":true,"valueName":"search_term_string"}}],"inLanguage":"pl-PL"},{"@type":"Person","@id":"https:\/\/uwieziony.com\/#\/schema\/person\/13ea7cefeb187274074564ddf871fe48","name":"Sebastian","image":{"@type":"ImageObject","inLanguage":"pl-PL","@id":"https:\/\/secure.gravatar.com\/avatar\/75901bc05eeb742915f501fd0d7d044fc75399bff1a747fec571f0780b564d74?s=96&d=mm&r=g","url":"https:\/\/secure.gravatar.com\/avatar\/75901bc05eeb742915f501fd0d7d044fc75399bff1a747fec571f0780b564d74?s=96&d=mm&r=g","contentUrl":"https:\/\/secure.gravatar.com\/avatar\/75901bc05eeb742915f501fd0d7d044fc75399bff1a747fec571f0780b564d74?s=96&d=mm&r=g","caption":"Sebastian"},"description":"Muzyk, kompozytor, gitarzysta, nauczyciel. Po udarze niedokrwiennym pnia m\u00f3zgu w 2024 roku. Parali\u017c ca\u0142kowity, obustronny. Diagnoza - je\u015bli prze\u017cyj\u0119 - b\u0119d\u0119 tylko mruga\u0142.. Obecnie (2026r) jeszcze je\u017cd\u017c\u0119 na w\u00f3zku i nie m\u00f3wi\u0119 ale ju\u017c nied\u0142ugo","sameAs":["https:\/\/uwieziony.com","https:\/\/www.facebook.com\/Nikimusic.S.A","https:\/\/www.youtube.com\/@sebastianadamczewski7155"],"url":"https:\/\/uwieziony.com\/index.php\/author\/sebastian\/"}]}},"_links":{"self":[{"href":"https:\/\/uwieziony.com\/index.php\/wp-json\/wp\/v2\/posts\/1089","targetHints":{"allow":["GET"]}}],"collection":[{"href":"https:\/\/uwieziony.com\/index.php\/wp-json\/wp\/v2\/posts"}],"about":[{"href":"https:\/\/uwieziony.com\/index.php\/wp-json\/wp\/v2\/types\/post"}],"author":[{"embeddable":true,"href":"https:\/\/uwieziony.com\/index.php\/wp-json\/wp\/v2\/users\/2"}],"replies":[{"embeddable":true,"href":"https:\/\/uwieziony.com\/index.php\/wp-json\/wp\/v2\/comments?post=1089"}],"version-history":[{"count":0,"href":"https:\/\/uwieziony.com\/index.php\/wp-json\/wp\/v2\/posts\/1089\/revisions"}],"wp:attachment":[{"href":"https:\/\/uwieziony.com\/index.php\/wp-json\/wp\/v2\/media?parent=1089"}],"wp:term":[{"taxonomy":"category","embeddable":true,"href":"https:\/\/uwieziony.com\/index.php\/wp-json\/wp\/v2\/categories?post=1089"},{"taxonomy":"post_tag","embeddable":true,"href":"https:\/\/uwieziony.com\/index.php\/wp-json\/wp\/v2\/tags?post=1089"}],"curies":[{"name":"wp","href":"https:\/\/api.w.org\/{rel}","templated":true}]}}