{"id":1123,"date":"2026-02-03T12:00:00","date_gmt":"2026-02-03T12:00:00","guid":{"rendered":"https:\/\/www.uwieziony.com\/post\/wtorek-3-lutego-2026"},"modified":"2026-02-03T12:00:00","modified_gmt":"2026-02-03T12:00:00","slug":"wtorek-3-lutego-2026","status":"publish","type":"post","link":"https:\/\/uwieziony.com\/index.php\/2026\/02\/03\/wtorek-3-lutego-2026\/","title":{"rendered":"Wtorek, 3 lutego 2026"},"content":{"rendered":"<p>Popo\u0142udnie<\/p>\n<p>Dzi\u015b mija drugi rok od fatalnego zdarzenia.. Podsumowania tych dw\u00f3ch lat robi\u0107 nie b\u0119d\u0119, bo jeste\u015bcie na bie\u017c\u0105co.. Poza tym &#8211; chyba nie warto. Bior\u0105c pod uwag\u0119 fakt, \u017ce sam nie mog\u0119 wsta\u0107 z \u0142\u00f3\u017cka, ubra\u0107 si\u0119 czy p\u00f3j\u015b\u0107 do toalety i na dodatek nie m\u00f3wi\u0119 &#8211; nie ma si\u0119 co szczyci\u0107 &#8222;ma\u0142ymi sukcesami&#8221;. Nadal uwa\u017cam, \u017ce ta gra nie warta \u015bwieczki i wola\u0142bym, \u017ceby mnie w tym feralnym dniu po prostu \u017cycie skasowa\u0142o.. Tak si\u0119 jednak nie sta\u0142o &#8211; pcham wi\u0119c ten w\u00f3zek do przodu..Ze zwyk\u0142ej ciekawo\u015bci przegl\u0105dam nag\u0142\u00f3wki internetowych gazet. C\u00f3\u017c mnie dzi\u015b omin\u0119\u0142o&#8230; &#8222;Polskie w\u0105tki w aktach Epistejna&#8221;, &#8222;Eksplozja w \u015bmieciarce na lotnisku&#8221;, Pracownik MON szpiegiem&#8221;.. Nic o tych wydarzeniach nie wiem.. Jestem ignorantem do tego stopnia, \u017ce w polskiej polityce nie wiem, kto jest kim.. Jeszcze przed udarem zrozumia\u0142em, \u017ce moja wiedza na ten temat niczego nie zmienia. Odci\u0105\u0142em si\u0119 zupe\u0142nie od informacji, pozby\u0142em si\u0119 telewizora, nie s\u0142ucham radia i nie czytam wiadomo\u015bci w intrenecie.. I wiecie co? Kompletnie nic.. \u015awiat si\u0119 kula mimo to, \u017ce nie wiem. Ani troch\u0119 &#8211; bezczelny &#8211; nie zwolni\u0142.. A ja nie sta\u0142em si\u0119 ubo\u017cszy czy g\u0142upszy.. Kto\u015b powie: &#8222;ale pewne rzeczy wypada\u0142oby wiedzie\u0107&#8221;.. Jak potrzebuj\u0119 jakich\u015b informacji, to doskonale potrafi\u0119 je znale\u017a\u0107. \u015amiem twierdzi\u0107 &#8211; lepiej ni\u017c zdecydowana wi\u0119kszo\u015b\u0107 os\u00f3b.. A moja wiedza na temat obecnego stanu wojny na Ukrainie kompletnie niczego &#8211; poza moim stanem &#8211; nie zmienia.. W razie czego, to nawet ucieka\u0107 nie dam rady.. Wol\u0119 przypomnie\u0107 sobie dzie\u0142a Dostojewskiego, Orwela i innych znanych autor\u00f3w.. Jak niekt\u00f3rzy zauwa\u017cyli &#8211; mam dobre pi\u00f3ro. My\u015bl\u0119 &#8211; nie ma w tym warsztatu, kunsztu czy talentu. Niemniej j\u0119zyk przez lata kszta\u0142towany dobr\u0105 literatur\u0105 teraz si\u0119 przydaje.. Szczeg\u00f3lnie ci, kt\u00f3rzy mieli okazj\u0119 pracowa\u0107 ze mn\u0105 w studio wiedz\u0105, jak wa\u017cny jest dla mnie j\u0119zyk, tekst. Upierdliwy by\u0142em do b\u00f3lu w kwestiach dykcji i poprawno\u015bci j\u0119zyka. Mierzi mnie wr\u0119cz bezmy\u015blne pos\u0142ugiwanie si\u0119 zwrotami w stylu: &#8222;w ka\u017cdym moncie razie&#8221;. Znaczy &#8211; u\u017cywasz s\u0142\u00f3w, kt\u00f3rych znaczenia nie rozumiesz? Bo c\u00f3\u017c znaczy s\u0142owo &#8222;moncie&#8221;? Jest w og\u00f3le takie s\u0142owo?! &#8222;W ka\u017cdym b\u0105d\u017a razie&#8221; &#8211; to co innego. Cho\u0107 u\u017cycie w tym zwrocie s\u0142owa &#8222;b\u0105d\u017a&#8221; i tak jest dla mnie dyskusyjne.. Moje fanaberie.. Sam z pewno\u015bci\u0105 nie raz u\u017cy\u0142em jakich\u015b zwrot\u00f3w jako &#8222;przerywnik\u00f3w&#8221;, nie zastanawiaj\u0105c si\u0119 nawet nad tym, \u017ce pasuj\u0105 &#8222;jak pi\u0119\u015b\u0107 do oka&#8221;. Za znawc\u0119 zawi\u0142o\u015bci j\u0119zykowych si\u0119 bynajmniej nie uwa\u017cam.. Jad\u0119 na egzoszkielet &#8211; jutro dam zna\u0107 jakie wra\u017cenia..<\/p>\n","protected":false},"excerpt":{"rendered":"<p>Popo\u0142udnie Dzi\u015b mija drugi rok od fatalnego zdarzenia.. Podsumowania tych dw\u00f3ch lat robi\u0107 nie b\u0119d\u0119, bo jeste\u015bcie na bie\u017c\u0105co.. Poza tym &#8211; chyba nie warto. Bior\u0105c pod uwag\u0119 fakt, \u017ce sam nie mog\u0119 wsta\u0107 z \u0142\u00f3\u017cka, ubra\u0107 si\u0119 czy p\u00f3j\u015b\u0107 do toalety i na dodatek nie m\u00f3wi\u0119 &#8211; nie ma si\u0119 co szczyci\u0107 &#8222;ma\u0142ymi sukcesami&#8221;. [&hellip;]<\/p>\n","protected":false},"author":2,"featured_media":0,"comment_status":"closed","ping_status":"closed","sticky":false,"template":"","format":"standard","meta":{"footnotes":""},"categories":[2],"tags":[],"class_list":["post-1123","post","type-post","status-publish","format-standard","hentry","category-dziennik"],"yoast_head":"<!-- This site is optimized with the Yoast SEO plugin v28.3 - https:\/\/yoast.com\/product\/yoast-seo-wordpress\/ -->\n<title>Wtorek, 3 lutego 2026 - Uwi\u0119ziony<\/title>\n<meta name=\"robots\" content=\"index, follow, max-snippet:-1, max-image-preview:large, max-video-preview:-1\" \/>\n<link rel=\"canonical\" href=\"https:\/\/uwieziony.com\/index.php\/2026\/02\/03\/wtorek-3-lutego-2026\/\" \/>\n<meta property=\"og:locale\" content=\"pl_PL\" \/>\n<meta property=\"og:type\" content=\"article\" \/>\n<meta property=\"og:title\" content=\"Wtorek, 3 lutego 2026 - Uwi\u0119ziony\" \/>\n<meta property=\"og:description\" content=\"Popo\u0142udnie Dzi\u015b mija drugi rok od fatalnego zdarzenia.. Podsumowania tych dw\u00f3ch lat robi\u0107 nie b\u0119d\u0119, bo jeste\u015bcie na bie\u017c\u0105co.. Poza tym &#8211; chyba nie warto. Bior\u0105c pod uwag\u0119 fakt, \u017ce sam nie mog\u0119 wsta\u0107 z \u0142\u00f3\u017cka, ubra\u0107 si\u0119 czy p\u00f3j\u015b\u0107 do toalety i na dodatek nie m\u00f3wi\u0119 &#8211; nie ma si\u0119 co szczyci\u0107 &#8222;ma\u0142ymi sukcesami&#8221;. [&hellip;]\" \/>\n<meta property=\"og:url\" content=\"https:\/\/uwieziony.com\/index.php\/2026\/02\/03\/wtorek-3-lutego-2026\/\" \/>\n<meta property=\"og:site_name\" content=\"Uwi\u0119ziony\" \/>\n<meta property=\"article:author\" content=\"https:\/\/www.facebook.com\/Nikimusic.S.A\" \/>\n<meta property=\"article:published_time\" content=\"2026-02-03T12:00:00+00:00\" \/>\n<meta name=\"author\" content=\"Sebastian\" \/>\n<meta name=\"twitter:card\" content=\"summary_large_image\" \/>\n<meta name=\"twitter:label1\" content=\"Napisane przez\" \/>\n\t<meta name=\"twitter:data1\" content=\"Sebastian\" \/>\n\t<meta name=\"twitter:label2\" content=\"Szacowany czas czytania\" \/>\n\t<meta name=\"twitter:data2\" content=\"2 minuty\" \/>\n<script type=\"application\/ld+json\" class=\"yoast-schema-graph\">{\"@context\":\"https:\\\/\\\/schema.org\",\"@graph\":[{\"@type\":\"Article\",\"@id\":\"https:\\\/\\\/uwieziony.com\\\/index.php\\\/2026\\\/02\\\/03\\\/wtorek-3-lutego-2026\\\/#article\",\"isPartOf\":{\"@id\":\"https:\\\/\\\/uwieziony.com\\\/index.php\\\/2026\\\/02\\\/03\\\/wtorek-3-lutego-2026\\\/\"},\"author\":{\"name\":\"Sebastian\",\"@id\":\"https:\\\/\\\/uwieziony.com\\\/#\\\/schema\\\/person\\\/13ea7cefeb187274074564ddf871fe48\"},\"headline\":\"Wtorek, 3 lutego 2026\",\"datePublished\":\"2026-02-03T12:00:00+00:00\",\"mainEntityOfPage\":{\"@id\":\"https:\\\/\\\/uwieziony.com\\\/index.php\\\/2026\\\/02\\\/03\\\/wtorek-3-lutego-2026\\\/\"},\"wordCount\":476,\"articleSection\":[\"Dziennik\"],\"inLanguage\":\"pl-PL\"},{\"@type\":\"WebPage\",\"@id\":\"https:\\\/\\\/uwieziony.com\\\/index.php\\\/2026\\\/02\\\/03\\\/wtorek-3-lutego-2026\\\/\",\"url\":\"https:\\\/\\\/uwieziony.com\\\/index.php\\\/2026\\\/02\\\/03\\\/wtorek-3-lutego-2026\\\/\",\"name\":\"Wtorek, 3 lutego 2026 - Uwi\u0119ziony\",\"isPartOf\":{\"@id\":\"https:\\\/\\\/uwieziony.com\\\/#website\"},\"datePublished\":\"2026-02-03T12:00:00+00:00\",\"author\":{\"@id\":\"https:\\\/\\\/uwieziony.com\\\/#\\\/schema\\\/person\\\/13ea7cefeb187274074564ddf871fe48\"},\"breadcrumb\":{\"@id\":\"https:\\\/\\\/uwieziony.com\\\/index.php\\\/2026\\\/02\\\/03\\\/wtorek-3-lutego-2026\\\/#breadcrumb\"},\"inLanguage\":\"pl-PL\",\"potentialAction\":[{\"@type\":\"ReadAction\",\"target\":[\"https:\\\/\\\/uwieziony.com\\\/index.php\\\/2026\\\/02\\\/03\\\/wtorek-3-lutego-2026\\\/\"]}]},{\"@type\":\"BreadcrumbList\",\"@id\":\"https:\\\/\\\/uwieziony.com\\\/index.php\\\/2026\\\/02\\\/03\\\/wtorek-3-lutego-2026\\\/#breadcrumb\",\"itemListElement\":[{\"@type\":\"ListItem\",\"position\":1,\"name\":\"Strona g\u0142\u00f3wna\",\"item\":\"https:\\\/\\\/uwieziony.com\\\/\"},{\"@type\":\"ListItem\",\"position\":2,\"name\":\"Wtorek, 3 lutego 2026\"}]},{\"@type\":\"WebSite\",\"@id\":\"https:\\\/\\\/uwieziony.com\\\/#website\",\"url\":\"https:\\\/\\\/uwieziony.com\\\/\",\"name\":\"Uwi\u0119ziony\",\"description\":\"\",\"potentialAction\":[{\"@type\":\"SearchAction\",\"target\":{\"@type\":\"EntryPoint\",\"urlTemplate\":\"https:\\\/\\\/uwieziony.com\\\/?s={search_term_string}\"},\"query-input\":{\"@type\":\"PropertyValueSpecification\",\"valueRequired\":true,\"valueName\":\"search_term_string\"}}],\"inLanguage\":\"pl-PL\"},{\"@type\":\"Person\",\"@id\":\"https:\\\/\\\/uwieziony.com\\\/#\\\/schema\\\/person\\\/13ea7cefeb187274074564ddf871fe48\",\"name\":\"Sebastian\",\"image\":{\"@type\":\"ImageObject\",\"inLanguage\":\"pl-PL\",\"@id\":\"https:\\\/\\\/secure.gravatar.com\\\/avatar\\\/75901bc05eeb742915f501fd0d7d044fc75399bff1a747fec571f0780b564d74?s=96&d=mm&r=g\",\"url\":\"https:\\\/\\\/secure.gravatar.com\\\/avatar\\\/75901bc05eeb742915f501fd0d7d044fc75399bff1a747fec571f0780b564d74?s=96&d=mm&r=g\",\"contentUrl\":\"https:\\\/\\\/secure.gravatar.com\\\/avatar\\\/75901bc05eeb742915f501fd0d7d044fc75399bff1a747fec571f0780b564d74?s=96&d=mm&r=g\",\"caption\":\"Sebastian\"},\"description\":\"Muzyk, kompozytor, gitarzysta, nauczyciel. Po udarze niedokrwiennym pnia m\u00f3zgu w 2024 roku. Parali\u017c ca\u0142kowity, obustronny. Diagnoza - je\u015bli prze\u017cyj\u0119 - b\u0119d\u0119 tylko mruga\u0142.. Obecnie (2026r) jeszcze je\u017cd\u017c\u0119 na w\u00f3zku i nie m\u00f3wi\u0119 ale ju\u017c nied\u0142ugo\",\"sameAs\":[\"https:\\\/\\\/uwieziony.com\",\"https:\\\/\\\/www.facebook.com\\\/Nikimusic.S.A\",\"https:\\\/\\\/www.youtube.com\\\/@sebastianadamczewski7155\"],\"url\":\"https:\\\/\\\/uwieziony.com\\\/index.php\\\/author\\\/sebastian\\\/\"}]}<\/script>\n<!-- \/ Yoast SEO plugin. -->","yoast_head_json":{"title":"Wtorek, 3 lutego 2026 - Uwi\u0119ziony","robots":{"index":"index","follow":"follow","max-snippet":"max-snippet:-1","max-image-preview":"max-image-preview:large","max-video-preview":"max-video-preview:-1"},"canonical":"https:\/\/uwieziony.com\/index.php\/2026\/02\/03\/wtorek-3-lutego-2026\/","og_locale":"pl_PL","og_type":"article","og_title":"Wtorek, 3 lutego 2026 - Uwi\u0119ziony","og_description":"Popo\u0142udnie Dzi\u015b mija drugi rok od fatalnego zdarzenia.. Podsumowania tych dw\u00f3ch lat robi\u0107 nie b\u0119d\u0119, bo jeste\u015bcie na bie\u017c\u0105co.. Poza tym &#8211; chyba nie warto. Bior\u0105c pod uwag\u0119 fakt, \u017ce sam nie mog\u0119 wsta\u0107 z \u0142\u00f3\u017cka, ubra\u0107 si\u0119 czy p\u00f3j\u015b\u0107 do toalety i na dodatek nie m\u00f3wi\u0119 &#8211; nie ma si\u0119 co szczyci\u0107 &#8222;ma\u0142ymi sukcesami&#8221;. [&hellip;]","og_url":"https:\/\/uwieziony.com\/index.php\/2026\/02\/03\/wtorek-3-lutego-2026\/","og_site_name":"Uwi\u0119ziony","article_author":"https:\/\/www.facebook.com\/Nikimusic.S.A","article_published_time":"2026-02-03T12:00:00+00:00","author":"Sebastian","twitter_card":"summary_large_image","twitter_misc":{"Napisane przez":"Sebastian","Szacowany czas czytania":"2 minuty"},"schema":{"@context":"https:\/\/schema.org","@graph":[{"@type":"Article","@id":"https:\/\/uwieziony.com\/index.php\/2026\/02\/03\/wtorek-3-lutego-2026\/#article","isPartOf":{"@id":"https:\/\/uwieziony.com\/index.php\/2026\/02\/03\/wtorek-3-lutego-2026\/"},"author":{"name":"Sebastian","@id":"https:\/\/uwieziony.com\/#\/schema\/person\/13ea7cefeb187274074564ddf871fe48"},"headline":"Wtorek, 3 lutego 2026","datePublished":"2026-02-03T12:00:00+00:00","mainEntityOfPage":{"@id":"https:\/\/uwieziony.com\/index.php\/2026\/02\/03\/wtorek-3-lutego-2026\/"},"wordCount":476,"articleSection":["Dziennik"],"inLanguage":"pl-PL"},{"@type":"WebPage","@id":"https:\/\/uwieziony.com\/index.php\/2026\/02\/03\/wtorek-3-lutego-2026\/","url":"https:\/\/uwieziony.com\/index.php\/2026\/02\/03\/wtorek-3-lutego-2026\/","name":"Wtorek, 3 lutego 2026 - Uwi\u0119ziony","isPartOf":{"@id":"https:\/\/uwieziony.com\/#website"},"datePublished":"2026-02-03T12:00:00+00:00","author":{"@id":"https:\/\/uwieziony.com\/#\/schema\/person\/13ea7cefeb187274074564ddf871fe48"},"breadcrumb":{"@id":"https:\/\/uwieziony.com\/index.php\/2026\/02\/03\/wtorek-3-lutego-2026\/#breadcrumb"},"inLanguage":"pl-PL","potentialAction":[{"@type":"ReadAction","target":["https:\/\/uwieziony.com\/index.php\/2026\/02\/03\/wtorek-3-lutego-2026\/"]}]},{"@type":"BreadcrumbList","@id":"https:\/\/uwieziony.com\/index.php\/2026\/02\/03\/wtorek-3-lutego-2026\/#breadcrumb","itemListElement":[{"@type":"ListItem","position":1,"name":"Strona g\u0142\u00f3wna","item":"https:\/\/uwieziony.com\/"},{"@type":"ListItem","position":2,"name":"Wtorek, 3 lutego 2026"}]},{"@type":"WebSite","@id":"https:\/\/uwieziony.com\/#website","url":"https:\/\/uwieziony.com\/","name":"Uwi\u0119ziony","description":"","potentialAction":[{"@type":"SearchAction","target":{"@type":"EntryPoint","urlTemplate":"https:\/\/uwieziony.com\/?s={search_term_string}"},"query-input":{"@type":"PropertyValueSpecification","valueRequired":true,"valueName":"search_term_string"}}],"inLanguage":"pl-PL"},{"@type":"Person","@id":"https:\/\/uwieziony.com\/#\/schema\/person\/13ea7cefeb187274074564ddf871fe48","name":"Sebastian","image":{"@type":"ImageObject","inLanguage":"pl-PL","@id":"https:\/\/secure.gravatar.com\/avatar\/75901bc05eeb742915f501fd0d7d044fc75399bff1a747fec571f0780b564d74?s=96&d=mm&r=g","url":"https:\/\/secure.gravatar.com\/avatar\/75901bc05eeb742915f501fd0d7d044fc75399bff1a747fec571f0780b564d74?s=96&d=mm&r=g","contentUrl":"https:\/\/secure.gravatar.com\/avatar\/75901bc05eeb742915f501fd0d7d044fc75399bff1a747fec571f0780b564d74?s=96&d=mm&r=g","caption":"Sebastian"},"description":"Muzyk, kompozytor, gitarzysta, nauczyciel. Po udarze niedokrwiennym pnia m\u00f3zgu w 2024 roku. Parali\u017c ca\u0142kowity, obustronny. Diagnoza - je\u015bli prze\u017cyj\u0119 - b\u0119d\u0119 tylko mruga\u0142.. Obecnie (2026r) jeszcze je\u017cd\u017c\u0119 na w\u00f3zku i nie m\u00f3wi\u0119 ale ju\u017c nied\u0142ugo","sameAs":["https:\/\/uwieziony.com","https:\/\/www.facebook.com\/Nikimusic.S.A","https:\/\/www.youtube.com\/@sebastianadamczewski7155"],"url":"https:\/\/uwieziony.com\/index.php\/author\/sebastian\/"}]}},"_links":{"self":[{"href":"https:\/\/uwieziony.com\/index.php\/wp-json\/wp\/v2\/posts\/1123","targetHints":{"allow":["GET"]}}],"collection":[{"href":"https:\/\/uwieziony.com\/index.php\/wp-json\/wp\/v2\/posts"}],"about":[{"href":"https:\/\/uwieziony.com\/index.php\/wp-json\/wp\/v2\/types\/post"}],"author":[{"embeddable":true,"href":"https:\/\/uwieziony.com\/index.php\/wp-json\/wp\/v2\/users\/2"}],"replies":[{"embeddable":true,"href":"https:\/\/uwieziony.com\/index.php\/wp-json\/wp\/v2\/comments?post=1123"}],"version-history":[{"count":0,"href":"https:\/\/uwieziony.com\/index.php\/wp-json\/wp\/v2\/posts\/1123\/revisions"}],"wp:attachment":[{"href":"https:\/\/uwieziony.com\/index.php\/wp-json\/wp\/v2\/media?parent=1123"}],"wp:term":[{"taxonomy":"category","embeddable":true,"href":"https:\/\/uwieziony.com\/index.php\/wp-json\/wp\/v2\/categories?post=1123"},{"taxonomy":"post_tag","embeddable":true,"href":"https:\/\/uwieziony.com\/index.php\/wp-json\/wp\/v2\/tags?post=1123"}],"curies":[{"name":"wp","href":"https:\/\/api.w.org\/{rel}","templated":true}]}}